{"id":24298,"date":"2020-11-05T15:36:13","date_gmt":"2020-11-05T19:36:13","guid":{"rendered":"https:\/\/centroincar.cl\/?p=24298"},"modified":"2021-04-19T15:39:07","modified_gmt":"2021-04-19T19:39:07","slug":"la-hora-acuicola-regresa-con-panel-sobre-situacion-de-la-acuicultura-en-america-latina-y-el-caribe","status":"publish","type":"post","link":"https:\/\/centroincar.cl\/en\/2020\/11\/05\/la-hora-acuicola-regresa-con-panel-sobre-situacion-de-la-acuicultura-en-america-latina-y-el-caribe\/","title":{"rendered":"\u201cLa Hora Acu\u00edcola\u201d regresa con panel sobre situaci\u00f3n de la acuicultura en Am\u00e9rica Latina y el Caribe"},"content":{"rendered":"<p class=\"qtranxs-available-languages-message qtranxs-available-languages-message-en\">Sorry, this entry is only available in <a href=\"https:\/\/centroincar.cl\/es\/wp-json\/wp\/v2\/posts\/24298\" class=\"qtranxs-available-language-link qtranxs-available-language-link-es\" title=\"Espa\u00f1ol\">Espa\u00f1ol<\/a>.<\/p><p>El pr\u00f3ximo 18 de noviembre comienza la segunda temporada de los Conversatorios del Centro INCAR, \u201cLa Hora Acu\u00edcola\u201d, con el panel \u201cEstado actual de la acuicultura en Am\u00e9rica Latina y El Caribe (ALC) y desaf\u00edos para su crecimiento sustentable\u201d.<br \/>\nFAO ha estado liderando una revisi\u00f3n del estado de la acuicultura en las diferentes regiones y a nivel\u00a0<a href=\"http:\/\/www.fao.org\/in-action\/globefish\/news-events\/details-news\/en\/c\/1313583\" target=\"_blank\" rel=\"noopener noreferrer\">global<\/a>\u00a0como preparaci\u00f3n de una conferencia que se realizar\u00e1 en Shangh\u00e1i en septiembre del 2021. All\u00ed se discutir\u00e1n los desaf\u00edos para el desarrollo de la acuicultura global dentro del marco de los objetivos de desarrollo sustentable de la ONU. En este contexto, la revisi\u00f3n sobre la situaci\u00f3n de la acuicultura en Am\u00e9rica Latina y el Caribe fue elaborada por el Asesor Internacional de Pesca y Acuicultura, Carlos Wurmann, la investigadora Principal del Programa Integrativo del Centro FONDAP INCAR, Dra. Doris Soto; y el Director de Transferencia del Centro COPAS Sur-Austral, Ricardo Norambuena, quienes presentaran en esta oportunidad aspectos relevantes de la revisi\u00f3n.<br \/>\nEl panel se realizar\u00e1 v\u00eda zoom y ser\u00e1 transmitido paralelamente v\u00eda Facebook Live , contar\u00e1 adem\u00e1s con la participaci\u00f3n un grupo de invitados internacionales, entre los que se destaca Reinaldo Morales, Director Organizaci\u00f3n de Pesca y Acuicultura de Centro Am\u00e9rica, OSPESCA; Felipe Matias, Investigador en acuicultura y ex director de Planificaci\u00f3n de la Acuicultura de Brasil, y Mauricio Mej\u00eda, Food Production Senior Officer de WWF Mesoam\u00e9rica, quienes comentar\u00e1n algunos elementos sobresalientes, proyecciones y desaf\u00edos para ALC. El panel ser\u00e1 moderado por la cientista pol\u00edtica e investigadora INCAR Dra. Jeanne Simon<br \/>\nSe realizar\u00e1n tres presentaciones:<br \/>\n\u201cSituaci\u00f3n actual, tendencias actuales y futuras de producci\u00f3n y valor en ALC: visi\u00f3n comparativa de subregiones y pa\u00edses\u201d. Ricardo Norambuena.<br \/>\n\u201cAbordando los objetivos de desarrollo sustentable en la acuicultura ALC considerando forzantes internos y externos. Dra. Doris Soto.<br \/>\n\u201cEstado actual, desaf\u00edos y perspectivas de la acuicultura en Am\u00e9rica Latina y el Caribe, con acento en aspectos de Gobernanza\u201d. Carlos Wurmann.<br \/>\nEl panel comenzar\u00e1 a las 17:00 hrs (Hora de Santiago de Chile) ser\u00e1 en Espa\u00f1ol y se invita a los interesados a inscribirse en el siguiente\u00a0enlace.<br \/>\nLa primera temporada de \u201cLa Hora Acu\u00edcola\u201d convoc\u00f3 a m\u00e1s de mil asistentes en las 9 sesiones realizadas en la que investigadores del Centro junto a destacados invitados presentaron y analizaron estudios relevantes para la sustentabilidad del sector acu\u00edcola nacional.<\/p>\n<div class='photo-galleria' >\n\t\t<style>\n\t\t\t#gallery-1 {\n\t\t\t\tmargin: auto;\n\t\t\t}\n\t\t\t#gallery-1 .gallery-item {\n\t\t\t\tfloat: left;\n\t\t\t\tmargin-top: 10px;\n\t\t\t\ttext-align: center;\n\t\t\t\twidth: 33%;\n\t\t\t}\n\t\t\t#gallery-1 img {\n\t\t\t\tborder: 2px solid #cfcfcf;\n\t\t\t}\n\t\t\t#gallery-1 .gallery-caption {\n\t\t\t\tmargin-left: 0;\n\t\t\t}\n\t\t\t\/* see gallery_shortcode() in wp-includes\/media.php *\/\n\t\t<\/style>\n\t\t<div id='gallery-1' class='gallery galleryid-24298 gallery-columns-3 gallery-size-thumbnail'><dl class='gallery-item'>\n\t\t\t<dt class='gallery-icon portrait'>\n\t\t\t\t<a href='https:\/\/centroincar.cl\/wp-content\/uploads\/2021\/04\/Afiche_charlas_nov_formatofeed_-1.png' title='Afiche_charlas_nov_formatofeed_ (1)'><img loading=\"lazy\" decoding=\"async\" width=\"350\" height=\"200\" src=\"https:\/\/centroincar.cl\/wp-content\/uploads\/2021\/04\/Afiche_charlas_nov_formatofeed_-1-350x200.png\" class=\"attachment-thumbnail size-thumbnail\" alt=\"\" \/><\/a>\n\t\t\t<\/dt><\/dl><dl class='gallery-item'>\n\t\t\t<dt class='gallery-icon landscape'>\n\t\t\t\t<a href='https:\/\/centroincar.cl\/wp-content\/uploads\/2021\/04\/IMG_0683-1.jpg' title='IMG_0683 (1)'><img loading=\"lazy\" decoding=\"async\" width=\"350\" height=\"200\" src=\"https:\/\/centroincar.cl\/wp-content\/uploads\/2021\/04\/IMG_0683-1-350x200.jpg\" class=\"attachment-thumbnail size-thumbnail\" alt=\"\" \/><\/a>\n\t\t\t<\/dt><\/dl><dl class='gallery-item'>\n\t\t\t<dt class='gallery-icon landscape'>\n\t\t\t\t<a href='https:\/\/centroincar.cl\/wp-content\/uploads\/2021\/04\/DSC04999-1.jpg' title='SONY DSC'><img loading=\"lazy\" decoding=\"async\" width=\"350\" height=\"200\" src=\"https:\/\/centroincar.cl\/wp-content\/uploads\/2021\/04\/DSC04999-1-350x200.jpg\" class=\"attachment-thumbnail size-thumbnail\" alt=\"\" \/><\/a>\n\t\t\t<\/dt>\n\t\t\t\t<dd class='wp-caption-text gallery-caption' id='gallery-1-24299'>\n\t\t\t\tSONY DSC\n\t\t\t\t<\/dd><\/dl><br style=\"clear: both\" \/>\n\t\t<\/div>\n<\/div><!-- .photo-galleria -->\n<p>&nbsp;<\/p>","protected":false},"excerpt":{"rendered":"<p>Sorry, this entry is only available in Espa\u00f1ol.El pr\u00f3ximo 18 de noviembre comienza la segunda temporada de los Conversatorios del Centro INCAR, \u201cLa Hora Acu\u00edcola\u201d, con el panel \u201cEstado actual de la acuicultura en Am\u00e9rica Latina y El Caribe (ALC) y desaf\u00edos para su crecimiento sustentable\u201d. FAO ha estado liderando una revisi\u00f3n del estado de [&hellip;]<\/p>\n","protected":false},"author":3,"featured_media":24301,"comment_status":"open","ping_status":"open","sticky":false,"template":"","format":"standard","meta":{"_acf_changed":false,"footnotes":""},"categories":[2],"tags":[],"class_list":["post-24298","post","type-post","status-publish","format-standard","has-post-thumbnail","hentry","category-noticias"],"acf":[],"views":1517,"_links":{"self":[{"href":"https:\/\/centroincar.cl\/en\/wp-json\/wp\/v2\/posts\/24298","targetHints":{"allow":["GET"]}}],"collection":[{"href":"https:\/\/centroincar.cl\/en\/wp-json\/wp\/v2\/posts"}],"about":[{"href":"https:\/\/centroincar.cl\/en\/wp-json\/wp\/v2\/types\/post"}],"author":[{"embeddable":true,"href":"https:\/\/centroincar.cl\/en\/wp-json\/wp\/v2\/users\/3"}],"replies":[{"embeddable":true,"href":"https:\/\/centroincar.cl\/en\/wp-json\/wp\/v2\/comments?post=24298"}],"version-history":[{"count":0,"href":"https:\/\/centroincar.cl\/en\/wp-json\/wp\/v2\/posts\/24298\/revisions"}],"wp:featuredmedia":[{"embeddable":true,"href":"https:\/\/centroincar.cl\/en\/wp-json\/wp\/v2\/media\/24301"}],"wp:attachment":[{"href":"https:\/\/centroincar.cl\/en\/wp-json\/wp\/v2\/media?parent=24298"}],"wp:term":[{"taxonomy":"category","embeddable":true,"href":"https:\/\/centroincar.cl\/en\/wp-json\/wp\/v2\/categories?post=24298"},{"taxonomy":"post_tag","embeddable":true,"href":"https:\/\/centroincar.cl\/en\/wp-json\/wp\/v2\/tags?post=24298"}],"curies":[{"name":"wp","href":"https:\/\/api.w.org\/{rel}","templated":true}]}}