{"id":24303,"date":"2020-11-03T15:39:33","date_gmt":"2020-11-03T19:39:33","guid":{"rendered":"https:\/\/centroincar.cl\/?p=24303"},"modified":"2021-04-19T15:53:28","modified_gmt":"2021-04-19T19:53:28","slug":"centro-incar-fortaleciendo-la-educacion-tecnica-profesional-para-una-acuicultura-sustentable","status":"publish","type":"post","link":"https:\/\/centroincar.cl\/en\/2020\/11\/03\/centro-incar-fortaleciendo-la-educacion-tecnica-profesional-para-una-acuicultura-sustentable\/","title":{"rendered":"Centro INCAR: Fortaleciendo la educaci\u00f3n t\u00e9cnica profesional para una acuicultura sustentable"},"content":{"rendered":"<p class=\"qtranxs-available-languages-message qtranxs-available-languages-message-en\">Sorry, this entry is only available in <a href=\"https:\/\/centroincar.cl\/es\/wp-json\/wp\/v2\/posts\/24303\" class=\"qtranxs-available-language-link qtranxs-available-language-link-es\" title=\"Espa\u00f1ol\">Espa\u00f1ol<\/a>.<\/p><p>Con una sesi\u00f3n pr\u00e1ctica enfocada en el m\u00e9todo \u201cAprendizaje Basado en Proyectos\u201d, concluy\u00f3 el segundo taller \u201cFortalecimiento de la Educaci\u00f3n para una acuicultura sustentable\u201d, organizado por el Centro Interdisciplinario para la Investigaci\u00f3n Acu\u00edcola (INCAR) y dirigido a profesores de liceos t\u00e9cnicos que dictan la especialidad de acuicultura.<br \/>\nEn la \u00faltima jornada, los docentes participantes pusieron en pr\u00e1ctica lo aprendido dise\u00f1ando y presentando proyectos de aprendizaje basados en el curr\u00edculum de la especialidad, y para ello contaron con la asesor\u00eda del especialista en metodolog\u00edas de ense\u00f1anza de las ciencias en la educaci\u00f3n secundaria, Dr. Mario C\u00e9sar Quevedo.<br \/>\n\u201cLa educaci\u00f3n debe ser prioritaria para el desarrollo sustentable de un pa\u00eds. En consecuencia, hablar de acuicultura sustentable implica tambi\u00e9n preocuparse por la educaci\u00f3n. Es por eso que el INCAR hace un esfuerzo especial por contribuir a fortalecer la formaci\u00f3n de los estudiantes de la especialidad de acuicultura de los liceos polivalentes\u201d, explic\u00f3 el Director del Centro INCAR, Dr. Renato Qui\u00f1ones Bergeret, al tiempo que dirigi\u00e9ndose a los docentes a\u00f1adi\u00f3 \u201cagradezco a cada uno de ustedes su participaci\u00f3n en este taller, porque creemos firmemente que as\u00ed como ustedes aprenden de nosotros, nosotros tambi\u00e9n nos beneficiamos del conocimiento, compromiso y dedicaci\u00f3n que los caracteriza en su\u00a0 labor docente\u201d.<br \/>\nA su vez, el profesor de la especialidad de acuicultura del Liceo Insular de Achao, Marcelo Moya Krause, agradeci\u00f3 al centro de investigaci\u00f3n \u201cpor este tipo de jornada, que adem\u00e1s de actualizar nuestros conocimientos nos permite estrechar v\u00ednculos con la academia y con otros colegas para seguir fortaleciendo nuestros procesos y proyectos educativos\u201d. Por otro lado, el jefe de la especialidad de acuicultura del Liceo Pencopolitano, Gabriel Guzm\u00e1n, agreg\u00f3 \u201clos profesores del Liceo Pencopolitano creemos que la serie de charlas o el taller en s\u00ed, estuvo bastante completo, muy actualizado con los contenidos y de muy buena calidad. Estamos muy expectantes de las sesiones que se puedan realizar a futuro\u201d.<br \/>\nEl taller contempl\u00f3 4 m\u00f3dulos que se realizaron de manera online durante todo el mes de octubre cumpliendo con 10 sesiones en total. Tuvo como relatores a los Investigadores Principales del INCAR, Dra. Doris Soto y Dr. Ruben Avenda\u00f1o-Herrera; al Profesional de Investigaci\u00f3n de la l\u00ednea \u201cSustentabilidad Socioecon\u00f3mica\u201d de INCAR, Adams Ceballos; a la psic\u00f3loga especialista en Psico-Coaching, Teresa Soto-Aguilar y al Dr. Mario C\u00e9sar Quevedo.<br \/>\n\u201cContribuir a fortalecer los liceos t\u00e9cnicos en acuicultura es un objetivo principal del Programa de Vinculaci\u00f3n de nuestro centro, y en ese contexto hemos logrado sacar adelante este taller traspasando informaci\u00f3n producida desde nuestra investigaci\u00f3n y con un fuerte enfoque interdisciplinario. La acuicultura requiere de un enfoque multidimensional para avanzar hacia la sustentabilidad,\u201d se\u00f1ala Pablo Carrasco, Encargado de Vinculaci\u00f3n con la Sociedad del INCAR.<br \/>\nEn la jornada participaron docentes de los establecimientos Liceo Pencopolitano de Penco, Liceo Filidor Gaete de Llico, Liceo Trapaqueante de Tir\u00faa, Liceo Insular de Achao, Instituto del Mar \u201cCapit\u00e1n Williams\u201d de Chonchi, Liceo Arturo Prat de Puerto Cisnes, Liceo de Hornopir\u00e9n, Liceo Piedra Azul de Puerto Montt, Liceo Polit\u00e9cnico de Calbuco, Liceo Bosque Nativo de Puerto Montt, Colegio Seminario Conciliar de Ancud, Liceo de Mehu\u00edn y el Liceo Polit\u00e9cnico de Quintero.<\/p>\n<p><div class='photo-galleria' >\n\t\t<style>\n\t\t\t#gallery-1 {\n\t\t\t\tmargin: auto;\n\t\t\t}\n\t\t\t#gallery-1 .gallery-item {\n\t\t\t\tfloat: left;\n\t\t\t\tmargin-top: 10px;\n\t\t\t\ttext-align: center;\n\t\t\t\twidth: 33%;\n\t\t\t}\n\t\t\t#gallery-1 img {\n\t\t\t\tborder: 2px solid #cfcfcf;\n\t\t\t}\n\t\t\t#gallery-1 .gallery-caption {\n\t\t\t\tmargin-left: 0;\n\t\t\t}\n\t\t\t\/* see gallery_shortcode() in wp-includes\/media.php *\/\n\t\t<\/style>\n\t\t<div id='gallery-1' class='gallery galleryid-24303 gallery-columns-3 gallery-size-thumbnail'><dl class='gallery-item'>\n\t\t\t<dt class='gallery-icon landscape'>\n\t\t\t\t<a href='https:\/\/centroincar.cl\/wp-content\/uploads\/2021\/04\/taller1.png' title='taller1'><img loading=\"lazy\" decoding=\"async\" width=\"350\" height=\"200\" src=\"https:\/\/centroincar.cl\/wp-content\/uploads\/2021\/04\/taller1-350x200.png\" class=\"attachment-thumbnail size-thumbnail\" alt=\"\" \/><\/a>\n\t\t\t<\/dt><\/dl><dl class='gallery-item'>\n\t\t\t<dt class='gallery-icon landscape'>\n\t\t\t\t<a href='https:\/\/centroincar.cl\/wp-content\/uploads\/2021\/04\/taller4.png' title='taller4'><img loading=\"lazy\" decoding=\"async\" width=\"350\" height=\"200\" src=\"https:\/\/centroincar.cl\/wp-content\/uploads\/2021\/04\/taller4-350x200.png\" class=\"attachment-thumbnail size-thumbnail\" alt=\"\" \/><\/a>\n\t\t\t<\/dt><\/dl><dl class='gallery-item'>\n\t\t\t<dt class='gallery-icon landscape'>\n\t\t\t\t<a href='https:\/\/centroincar.cl\/wp-content\/uploads\/2021\/04\/la-acuicultura-a-nivel-global-y-regional-Doris.png' title='la-acuicultura-a-nivel-global-y-regional-Doris'><img loading=\"lazy\" decoding=\"async\" width=\"350\" height=\"200\" src=\"https:\/\/centroincar.cl\/wp-content\/uploads\/2021\/04\/la-acuicultura-a-nivel-global-y-regional-Doris-350x200.png\" class=\"attachment-thumbnail size-thumbnail\" alt=\"\" \/><\/a>\n\t\t\t<\/dt><\/dl><br style=\"clear: both\" \/><dl class='gallery-item'>\n\t\t\t<dt class='gallery-icon landscape'>\n\t\t\t\t<a href='https:\/\/centroincar.cl\/wp-content\/uploads\/2021\/04\/charla-ruben-07.png' title='charla-ruben-07'><img loading=\"lazy\" decoding=\"async\" width=\"350\" height=\"200\" src=\"https:\/\/centroincar.cl\/wp-content\/uploads\/2021\/04\/charla-ruben-07-350x200.png\" class=\"attachment-thumbnail size-thumbnail\" alt=\"\" \/><\/a>\n\t\t\t<\/dt><\/dl><dl class='gallery-item'>\n\t\t\t<dt class='gallery-icon landscape'>\n\t\t\t\t<a href='https:\/\/centroincar.cl\/wp-content\/uploads\/2021\/04\/eea-adams-8.png' title='eea-adams-8'><img loading=\"lazy\" decoding=\"async\" width=\"350\" height=\"200\" src=\"https:\/\/centroincar.cl\/wp-content\/uploads\/2021\/04\/eea-adams-8-350x200.png\" class=\"attachment-thumbnail size-thumbnail\" alt=\"\" \/><\/a>\n\t\t\t<\/dt><\/dl><dl class='gallery-item'>\n\t\t\t<dt class='gallery-icon landscape'>\n\t\t\t\t<a href='https:\/\/centroincar.cl\/wp-content\/uploads\/2021\/04\/eea-doris-10.png' title='eea-doris-10'><img loading=\"lazy\" decoding=\"async\" width=\"350\" height=\"200\" src=\"https:\/\/centroincar.cl\/wp-content\/uploads\/2021\/04\/eea-doris-10-350x200.png\" class=\"attachment-thumbnail size-thumbnail\" alt=\"\" \/><\/a>\n\t\t\t<\/dt><\/dl><br style=\"clear: both\" \/><dl class='gallery-item'>\n\t\t\t<dt class='gallery-icon landscape'>\n\t\t\t\t<a href='https:\/\/centroincar.cl\/wp-content\/uploads\/2021\/04\/coaching7.png' title='coaching7'><img loading=\"lazy\" decoding=\"async\" width=\"350\" height=\"200\" src=\"https:\/\/centroincar.cl\/wp-content\/uploads\/2021\/04\/coaching7-350x200.png\" class=\"attachment-thumbnail size-thumbnail\" alt=\"\" \/><\/a>\n\t\t\t<\/dt><\/dl><dl class='gallery-item'>\n\t\t\t<dt class='gallery-icon landscape'>\n\t\t\t\t<a href='https:\/\/centroincar.cl\/wp-content\/uploads\/2021\/04\/coaching8.png' title='coaching8'><img loading=\"lazy\" decoding=\"async\" width=\"350\" height=\"200\" src=\"https:\/\/centroincar.cl\/wp-content\/uploads\/2021\/04\/coaching8-350x200.png\" class=\"attachment-thumbnail size-thumbnail\" alt=\"\" \/><\/a>\n\t\t\t<\/dt><\/dl><dl class='gallery-item'>\n\t\t\t<dt class='gallery-icon landscape'>\n\t\t\t\t<a href='https:\/\/centroincar.cl\/wp-content\/uploads\/2021\/04\/ultimasesion-6.png' title='ultimasesion-6'><img loading=\"lazy\" decoding=\"async\" width=\"350\" height=\"200\" src=\"https:\/\/centroincar.cl\/wp-content\/uploads\/2021\/04\/ultimasesion-6-350x200.png\" class=\"attachment-thumbnail size-thumbnail\" alt=\"\" srcset=\"https:\/\/centroincar.cl\/wp-content\/uploads\/2021\/04\/ultimasesion-6-350x200.png 350w, https:\/\/centroincar.cl\/wp-content\/uploads\/2021\/04\/ultimasesion-6-800x459.png 800w, https:\/\/centroincar.cl\/wp-content\/uploads\/2021\/04\/ultimasesion-6-768x441.png 768w, https:\/\/centroincar.cl\/wp-content\/uploads\/2021\/04\/ultimasesion-6.png 1272w\" sizes=\"auto, (max-width: 350px) 100vw, 350px\" \/><\/a>\n\t\t\t<\/dt><\/dl><br style=\"clear: both\" \/><dl class='gallery-item'>\n\t\t\t<dt class='gallery-icon landscape'>\n\t\t\t\t<a href='https:\/\/centroincar.cl\/wp-content\/uploads\/2021\/04\/ultimasesion-1.png' title='ultimasesion-1'><img loading=\"lazy\" decoding=\"async\" width=\"350\" height=\"200\" src=\"https:\/\/centroincar.cl\/wp-content\/uploads\/2021\/04\/ultimasesion-1-350x200.png\" class=\"attachment-thumbnail size-thumbnail\" alt=\"\" \/><\/a>\n\t\t\t<\/dt><\/dl><dl class='gallery-item'>\n\t\t\t<dt class='gallery-icon landscape'>\n\t\t\t\t<a href='https:\/\/centroincar.cl\/wp-content\/uploads\/2021\/04\/ultimasesion-9.png' title='ultimasesion-9'><img loading=\"lazy\" decoding=\"async\" width=\"350\" height=\"200\" src=\"https:\/\/centroincar.cl\/wp-content\/uploads\/2021\/04\/ultimasesion-9-350x200.png\" class=\"attachment-thumbnail size-thumbnail\" alt=\"\" \/><\/a>\n\t\t\t<\/dt><\/dl><dl class='gallery-item'>\n\t\t\t<dt class='gallery-icon landscape'>\n\t\t\t\t<a href='https:\/\/centroincar.cl\/wp-content\/uploads\/2021\/04\/ultimasesion-13.png' title='ultimasesion-13'><img loading=\"lazy\" decoding=\"async\" width=\"350\" height=\"200\" src=\"https:\/\/centroincar.cl\/wp-content\/uploads\/2021\/04\/ultimasesion-13-350x200.png\" class=\"attachment-thumbnail size-thumbnail\" alt=\"\" \/><\/a>\n\t\t\t<\/dt><\/dl><br style=\"clear: both\" \/><dl class='gallery-item'>\n\t\t\t<dt class='gallery-icon landscape'>\n\t\t\t\t<a href='https:\/\/centroincar.cl\/wp-content\/uploads\/2021\/04\/ultimasesion-14.png' title='ultimasesion-14'><img loading=\"lazy\" decoding=\"async\" width=\"350\" height=\"200\" src=\"https:\/\/centroincar.cl\/wp-content\/uploads\/2021\/04\/ultimasesion-14-350x200.png\" class=\"attachment-thumbnail size-thumbnail\" alt=\"\" \/><\/a>\n\t\t\t<\/dt><\/dl><dl class='gallery-item'>\n\t\t\t<dt class='gallery-icon landscape'>\n\t\t\t\t<a href='https:\/\/centroincar.cl\/wp-content\/uploads\/2021\/04\/ultimasesion-16.png' title='ultimasesion-16'><img loading=\"lazy\" decoding=\"async\" width=\"350\" height=\"200\" src=\"https:\/\/centroincar.cl\/wp-content\/uploads\/2021\/04\/ultimasesion-16-350x200.png\" class=\"attachment-thumbnail size-thumbnail\" alt=\"\" \/><\/a>\n\t\t\t<\/dt><\/dl>\n\t\t\t<br style='clear: both' \/>\n\t\t<\/div>\n<\/div><!-- .photo-galleria --><\/p>","protected":false},"excerpt":{"rendered":"<p>Sorry, this entry is only available in Espa\u00f1ol.Con una sesi\u00f3n pr\u00e1ctica enfocada en el m\u00e9todo \u201cAprendizaje Basado en Proyectos\u201d, concluy\u00f3 el segundo taller \u201cFortalecimiento de la Educaci\u00f3n para una acuicultura sustentable\u201d, organizado por el Centro Interdisciplinario para la Investigaci\u00f3n Acu\u00edcola (INCAR) y dirigido a profesores de liceos t\u00e9cnicos que dictan la especialidad de acuicultura. En [&hellip;]<\/p>\n","protected":false},"author":3,"featured_media":24310,"comment_status":"open","ping_status":"open","sticky":false,"template":"","format":"standard","meta":{"_acf_changed":false,"footnotes":""},"categories":[2],"tags":[],"class_list":["post-24303","post","type-post","status-publish","format-standard","has-post-thumbnail","hentry","category-noticias"],"acf":[],"views":1408,"_links":{"self":[{"href":"https:\/\/centroincar.cl\/en\/wp-json\/wp\/v2\/posts\/24303","targetHints":{"allow":["GET"]}}],"collection":[{"href":"https:\/\/centroincar.cl\/en\/wp-json\/wp\/v2\/posts"}],"about":[{"href":"https:\/\/centroincar.cl\/en\/wp-json\/wp\/v2\/types\/post"}],"author":[{"embeddable":true,"href":"https:\/\/centroincar.cl\/en\/wp-json\/wp\/v2\/users\/3"}],"replies":[{"embeddable":true,"href":"https:\/\/centroincar.cl\/en\/wp-json\/wp\/v2\/comments?post=24303"}],"version-history":[{"count":0,"href":"https:\/\/centroincar.cl\/en\/wp-json\/wp\/v2\/posts\/24303\/revisions"}],"wp:featuredmedia":[{"embeddable":true,"href":"https:\/\/centroincar.cl\/en\/wp-json\/wp\/v2\/media\/24310"}],"wp:attachment":[{"href":"https:\/\/centroincar.cl\/en\/wp-json\/wp\/v2\/media?parent=24303"}],"wp:term":[{"taxonomy":"category","embeddable":true,"href":"https:\/\/centroincar.cl\/en\/wp-json\/wp\/v2\/categories?post=24303"},{"taxonomy":"post_tag","embeddable":true,"href":"https:\/\/centroincar.cl\/en\/wp-json\/wp\/v2\/tags?post=24303"}],"curies":[{"name":"wp","href":"https:\/\/api.w.org\/{rel}","templated":true}]}}