{"id":24324,"date":"2020-10-30T16:00:22","date_gmt":"2020-10-30T20:00:22","guid":{"rendered":"https:\/\/centroincar.cl\/?p=24324"},"modified":"2021-04-19T16:03:14","modified_gmt":"2021-04-19T20:03:14","slug":"investigadores-udec-publican-primeros-resultados-de-proyecto-piloto-para-monitoreo-de-aguas-servidas","status":"publish","type":"post","link":"https:\/\/centroincar.cl\/en\/2020\/10\/30\/investigadores-udec-publican-primeros-resultados-de-proyecto-piloto-para-monitoreo-de-aguas-servidas\/","title":{"rendered":"Investigadores UdeC publican primeros resultados de proyecto piloto para monitoreo de aguas servidas"},"content":{"rendered":"<p class=\"qtranxs-available-languages-message qtranxs-available-languages-message-en\">Sorry, this entry is only available in <a href=\"https:\/\/centroincar.cl\/es\/wp-json\/wp\/v2\/posts\/24324\" class=\"qtranxs-available-language-link qtranxs-available-language-link-es\" title=\"Espa\u00f1ol\">Espa\u00f1ol<\/a>.<\/p><p>La revista especializada\u00a0<strong><a href=\"https:\/\/www.journals.elsevier.com\/science-of-the-total-environment\" target=\"_blank\" rel=\"noopener noreferrer\">Science of the Total Environment<\/a><\/strong><strong>,\u00a0<\/strong>public\u00f3 el art\u00edculo titulado\u00a0<em><a href=\"https:\/\/www.sciencedirect.com\/science\/article\/pii\/S004896972036397X?via%3Dihub\" target=\"_blank\" rel=\"noopener noreferrer\">The wastewater microbiome: A novel insight for COVID-19 surveillance<\/a><\/em>, producto de un estudio realizado por cient\u00edficos de la\u00a0Universidad de Concepci\u00f3n, que se cuenta entre las variadas iniciativas que los acad\u00e9micos de la casa de estudios han levantado para ir en apoyo de la comunidad y ayudar a sortear la actual crisis sanitaria por la pandemia de covid-19.<br \/>\nDe acuerdo a lo que explica uno de los investigadores del estudio,\u00a0Dr. Cristian Gallardo-Esc\u00e1rate, acad\u00e9mico de la Facultad de Ciencias Naturales y Oceanogr\u00e1ficas, FCNO, de la UdeC, esta iniciativa surgi\u00f3 en el sector p\u00fablico. \u201cLas seremis de Salud (de \u00d1uble) Marta Bravo y de Ciencia Paulina Assmann, nos contactaron a ra\u00edz de una serie de estudios que se estaban realizando en otros lugares, principalmente en Europa, para la detecci\u00f3n de virus en aguas servidas, planteando la posibilidad de generar una iniciativa similar aqu\u00ed en Chile y, para eso, adem\u00e1s gestionaron el apoyo del Intendente Mart\u00edn Arrau, quien, a su vez, gestion\u00f3 el financiamiento del proyecto a trav\u00e9s de la l\u00ednea de emergencia Covid\u201d.<br \/>\nTras esto, desde la\u00a0Vicerrector\u00eda de Investigaci\u00f3n y Desarrollo\u00a0de la UdeC, se hizo un llamado interno a acad\u00e9micos de diversas unidades que pudieran tener inter\u00e9s en participar en este desaf\u00edo y l\u00edneas de investigaci\u00f3n relacionadas con la problem\u00e1tica que se esperaba abordar. As\u00ed se sum\u00f3 el Dr. Homero Urrutia, investigador del\u00a0Centro de Biotecnolog\u00eda,\u00a0CB-UdeC.<br \/>\n\u201cLa Universidad de Concepci\u00f3n acept\u00f3 participar en la iniciativa planteada por la Seremi Paulina Assmann, respondiendo as\u00ed a su tarea de servir a la comunidad. Fue algo que implic\u00f3 armar un laboratorio, incluso integrando capacidades distribuidas en diferentes centros, lo que da muestra del compromiso de la comunidad universitaria con el pa\u00eds para enfrentar esta situaci\u00f3n de pandemia\u201d, explic\u00f3 la Vicerrectora de Investigaci\u00f3n y Desarrollo UdeC,\u00a0Dra. Andrea Rodr\u00edguez Tastets.<br \/>\nGallardo-Esc\u00e1rate, tambi\u00e9n investigador y subdirector del Centro Interdisciplinario para la Investigaci\u00f3n Acu\u00edcola,\u00a0Incar, ha desarrollado una trayectoria de investigaci\u00f3n en biolog\u00eda molecular y \u201cen trabajo con material gen\u00e9tico de distintos tipos de organismos, entonces, se nos solicit\u00f3 desarrollar los procedimientos anal\u00edticos que permitan la detecci\u00f3n de part\u00edculas virales en el agua\u201d.<br \/>\nLas autoridades de gobierno, adem\u00e1s, colaboraron en la definici\u00f3n de las zonas geogr\u00e1ficas en que se realizar\u00eda el estudio, priorizando, por ejemplo, aquellas con alta concentraci\u00f3n poblacional o con importante presencia de personas pertenecientes a grupos de riesgo. La Seremi de Ciencia, Tecnolog\u00eda, Conocimiento e Innovaci\u00f3n de la Macro Zona Centro Sur\u00a0Dra. Paulina Assmann Segurase\u00f1al\u00f3 que \u201cdesde un inicio, identificamos que la vinculaci\u00f3n de la academia y el rol que la ciencia estaba cumpliendo en el desarrollo de la pandemia, pod\u00eda rendir frutos para buscar o pensar nuevas estrategias y t\u00e9cnicas que ayuden a convivir con el virus del SARS CoV2\u201d.<br \/>\nAssmann detalla que, \u201ccomo articuladores de estos mundos, lo p\u00fablico y lo privado, creemos que podemos aportar con evidencia cient\u00edfica robusta y suficiente para la toma de decisiones de nuestras autoridades regionales, como lo ha sido el caso de Chill\u00e1n\u201d.<br \/>\nAlgunos de los resultados m\u00e1s relevantes del estudio hasta el momento y de los cuales da cuenta al art\u00edculo publicado son, en primer lugar, que \u201cel proyecto logr\u00f3 detectar la carga del virus en el agua, y esto ha ayudado a generar algunas medidas que apoyan la estrategia TTA (testeo-trazabilidad-aislamiento) del Gobierno, ayudando a mejorarla, ya que ha permitido la b\u00fasqueda de casos activos en ciertas zonas en donde el agua servida mostraba test positivo para el virus. Esto ha servido a las autoridades para dirigir mejor sus esfuerzos y evitar la existencia de brotes o al menos a detectarlos tempranamente\u201d, indic\u00f3 Gallardo-Esc\u00e1rate.<br \/>\nEn opini\u00f3n de la Seremi Assmann, esta informaci\u00f3n \u201cnos permiti\u00f3 en conjunto con la Seremi de Salud, crear una estrategia de alerta temprana, para establecer sistemas de b\u00fasqueda activa de eventuales infectados, aislarlos y evitar la creaci\u00f3n de focos infecciosos de covid, como los que vimos al inicio de la pandemia en nuestro pa\u00eds\u201d.<br \/>\nAdem\u00e1s, la autoridad gubernamental afirm\u00f3 que \u201cel valor agregado de realizar este trabajo con un laboratorio universitario, es que nos ha permitido saber m\u00e1s de la salud de la poblaci\u00f3n, como se ejemplifica con el reciente\u00a0<em>paper\u00a0<\/em>publicado por el Dr. Gallardo y el descubrimiento de bacterias en aguas servidas asociadas a factores de riesgo de covid-19\u201d.<br \/>\nEn cuanto a nuevas l\u00edneas de investigaci\u00f3n que podr\u00edan abrirse a partir de los resultados de este estudio, Gallardo-Esc\u00e1rate explica que, en paralelo han estado investigando \u201cc\u00f3mo cambian las bacterias que est\u00e1n en las aguas servidas ante la presencia de covid. Esto, en particular, porque el aumento de virus en las heces de pacientes que son covid positivos, ya sea sintom\u00e1ticos o no, tambi\u00e9n generan cambios en el microbioma intestinal, entonces, la idea es saber si estos cambios pod\u00edan ser detectados tambi\u00e9n en el agua servida\u201d.<br \/>\nEl objetivo de este nuevo estudio, es \u201cayudar a generar indicadores de tipo microbiol\u00f3gicos que permitan a la autoridad dirigir los esfuerzos de la estrategia TTA, ya que actualmente se hacen a nivel nacional entre 25 mil a 30 mil test PCR diarios y, si multiplicamos eso por un a\u00f1o m\u00e1s de pandemia, el costo que esto generar\u00eda ser\u00eda demasiado alto y no se puede sustentar en el tiempo. Entonces, la idea es poder ir reemplazando esto con estas nuevas t\u00e9cnicas que puedan ayudar a generar indicadores que permitan tomar decisiones en el \u00e1mbito de salud p\u00fablica\u201d enfatiz\u00f3 el investigador.<br \/>\nCon respecto a estas proyecciones, la Seremi Assmann enfatiza que \u201cexisten registros en el mundo de que el monitoreo y an\u00e1lisis de aguas servidas ayuda a m\u00faltiples detecciones de enfermedades e inclusive cargas virales, por lo que hoy buscamos junto al Intendente de \u00d1uble Mart\u00edn Arrau y a mi par de Salud, Marta Bravo, la f\u00f3rmula correcta que nos permita continuar con esta pr\u00e1ctica que ayud\u00f3 much\u00edsimo a las autoridades para conducir la pandemia, colocar alertas en momentos oportunos y de esta forma, resguardar correctamente la salud de la ciudadan\u00eda\u201d.<\/p>\n<p><div class='photo-galleria' >\n\t\t<style>\n\t\t\t#gallery-1 {\n\t\t\t\tmargin: auto;\n\t\t\t}\n\t\t\t#gallery-1 .gallery-item {\n\t\t\t\tfloat: left;\n\t\t\t\tmargin-top: 10px;\n\t\t\t\ttext-align: center;\n\t\t\t\twidth: 33%;\n\t\t\t}\n\t\t\t#gallery-1 img {\n\t\t\t\tborder: 2px solid #cfcfcf;\n\t\t\t}\n\t\t\t#gallery-1 .gallery-caption {\n\t\t\t\tmargin-left: 0;\n\t\t\t}\n\t\t\t\/* see gallery_shortcode() in wp-includes\/media.php *\/\n\t\t<\/style>\n\t\t<div id='gallery-1' class='gallery galleryid-24324 gallery-columns-3 gallery-size-thumbnail'><dl class='gallery-item'>\n\t\t\t<dt class='gallery-icon landscape'>\n\t\t\t\t<a href='https:\/\/centroincar.cl\/wp-content\/uploads\/2021\/04\/covid-1.jpg' title='covid (1)'><img loading=\"lazy\" decoding=\"async\" width=\"350\" height=\"200\" src=\"https:\/\/centroincar.cl\/wp-content\/uploads\/2021\/04\/covid-1-350x200.jpg\" class=\"attachment-thumbnail size-thumbnail\" alt=\"\" \/><\/a>\n\t\t\t<\/dt><\/dl>\n\t\t\t<br style='clear: both' \/>\n\t\t<\/div>\n<\/div><!-- .photo-galleria --><\/p>","protected":false},"excerpt":{"rendered":"<p>Sorry, this entry is only available in Espa\u00f1ol.La revista especializada\u00a0Science of the Total Environment,\u00a0public\u00f3 el art\u00edculo titulado\u00a0The wastewater microbiome: A novel insight for COVID-19 surveillance, producto de un estudio realizado por cient\u00edficos de la\u00a0Universidad de Concepci\u00f3n, que se cuenta entre las variadas iniciativas que los acad\u00e9micos de la casa de estudios han levantado para ir [&hellip;]<\/p>\n","protected":false},"author":3,"featured_media":24325,"comment_status":"open","ping_status":"open","sticky":false,"template":"","format":"standard","meta":{"_acf_changed":false,"footnotes":""},"categories":[2],"tags":[],"class_list":["post-24324","post","type-post","status-publish","format-standard","has-post-thumbnail","hentry","category-noticias"],"acf":[],"views":1379,"_links":{"self":[{"href":"https:\/\/centroincar.cl\/en\/wp-json\/wp\/v2\/posts\/24324","targetHints":{"allow":["GET"]}}],"collection":[{"href":"https:\/\/centroincar.cl\/en\/wp-json\/wp\/v2\/posts"}],"about":[{"href":"https:\/\/centroincar.cl\/en\/wp-json\/wp\/v2\/types\/post"}],"author":[{"embeddable":true,"href":"https:\/\/centroincar.cl\/en\/wp-json\/wp\/v2\/users\/3"}],"replies":[{"embeddable":true,"href":"https:\/\/centroincar.cl\/en\/wp-json\/wp\/v2\/comments?post=24324"}],"version-history":[{"count":0,"href":"https:\/\/centroincar.cl\/en\/wp-json\/wp\/v2\/posts\/24324\/revisions"}],"wp:featuredmedia":[{"embeddable":true,"href":"https:\/\/centroincar.cl\/en\/wp-json\/wp\/v2\/media\/24325"}],"wp:attachment":[{"href":"https:\/\/centroincar.cl\/en\/wp-json\/wp\/v2\/media?parent=24324"}],"wp:term":[{"taxonomy":"category","embeddable":true,"href":"https:\/\/centroincar.cl\/en\/wp-json\/wp\/v2\/categories?post=24324"},{"taxonomy":"post_tag","embeddable":true,"href":"https:\/\/centroincar.cl\/en\/wp-json\/wp\/v2\/tags?post=24324"}],"curies":[{"name":"wp","href":"https:\/\/api.w.org\/{rel}","templated":true}]}}