{"id":26554,"date":"2022-03-15T14:31:40","date_gmt":"2022-03-15T18:31:40","guid":{"rendered":"https:\/\/centroincar.cl\/?p=26554"},"modified":"2022-03-15T14:31:40","modified_gmt":"2022-03-15T18:31:40","slug":"director-del-centro-incar-participo-de-reunion-convocada-por-oceanografia-udec-y-el-shoa","status":"publish","type":"post","link":"https:\/\/centroincar.cl\/en\/2022\/03\/15\/director-del-centro-incar-participo-de-reunion-convocada-por-oceanografia-udec-y-el-shoa\/","title":{"rendered":"Director del Centro INCAR particip\u00f3 de reuni\u00f3n convocada por Oceanograf\u00eda UdeC y el SHOA"},"content":{"rendered":"<p class=\"qtranxs-available-languages-message qtranxs-available-languages-message-en\">Sorry, this entry is only available in <a href=\"https:\/\/centroincar.cl\/es\/wp-json\/wp\/v2\/posts\/26554\" class=\"qtranxs-available-language-link qtranxs-available-language-link-es\" title=\"Espa\u00f1ol\">Espa\u00f1ol<\/a>.<\/p><p><\/p>\n<div dir=\"auto\" style=\"text-align: justify;\">Con la participaci\u00f3n del Director del Centro Interdisciplinario para la Investigaci\u00f3n Acu\u00edcola (INCAR), Dr. Renato Qui\u00f1ones, se realiz\u00f3 una reuni\u00f3n convocada por el Departamento de Oceanograf\u00eda de la Universidad de Concepci\u00f3n y el Servicio Hidrogr\u00e1fico y Oceanogr\u00e1fico (SHOA) de la Armada de Chile.<\/div>\n<div dir=\"auto\" style=\"text-align: justify;\">La reuni\u00f3n comenz\u00f3 con los saludos de la Decana Facultad de Ciencias Naturales y Oceanogr\u00e1ficas, Dra. Margarita Marchant; del Director Departamento de Oceanograf\u00eda, Dr. Marcus Sobarzo, y del Director del SHOA, CO Arturo Oxley Lizana.<\/div>\n<div dir=\"auto\" style=\"text-align: justify;\">En la ocasi\u00f3n, se presentaron los centros de investigaci\u00f3n cuya instituci\u00f3n es patrocinada por la Universidad de Concepci\u00f3n y que est\u00e1n albergados en el DOCE UdeC. Asimismo, se dieron a conocer los centros donde existe participaci\u00f3n de investigadores de la casa de estudios penquista.<\/div>\n<div dir=\"auto\" style=\"text-align: justify;\">En la reuni\u00f3n presentaron presencialmente el Director Centro COPAS Sur Austral, Dr. Silvio Pantoja; la Directora Centro COPAS COASTAL, Dra. Camila Fern\u00e1ndez; el Director del Centro INCAR, Dr. Renato Qui\u00f1ones; el Sub Director Instituto Milenio de Oceanograf\u00eda IMO, Dr. Rub\u00e9n Escribano; la Investigadora del Centro de Ciencia del Clima y la Resiliencia (CR2) y N\u00facleo Milenio UPWELL, Dra. Laura Far\u00edas; el Investigador del Instituto Milenio en Socio Ecolog\u00eda Costera (SECOS), Dr. Cristian Vargas y el Director del Dpto. de Geof\u00edsica de la Facultad de Ciencias F\u00edsicas y Matem\u00e1ticas de la UdeC, Dr. Arturo Belmonte \u2013 Pool Villanueva.<\/div>\n<div dir=\"auto\" style=\"text-align: justify;\">La jornada que se desarrollar\u00e1 durante el d\u00eda tambi\u00e9n contempla la visita al Laboratorio de Oceanograf\u00eda Qu\u00edmica, del Dr. Marco Salamanca y un encuentro con el Directorio del Centro COPAS Coastal.<\/div>\n<div dir=\"auto\"><\/div>\n<div dir=\"auto\"><em>Fotograf\u00edas: Gentileza Claudio Flores A. &#8211; Comunicaciones COPAS Coastal.<\/em><\/div>\n<div dir=\"auto\">\n<div class='photo-galleria' >\n\t\t<style>\n\t\t\t#gallery-1 {\n\t\t\t\tmargin: auto;\n\t\t\t}\n\t\t\t#gallery-1 .gallery-item {\n\t\t\t\tfloat: left;\n\t\t\t\tmargin-top: 10px;\n\t\t\t\ttext-align: center;\n\t\t\t\twidth: 33%;\n\t\t\t}\n\t\t\t#gallery-1 img {\n\t\t\t\tborder: 2px solid #cfcfcf;\n\t\t\t}\n\t\t\t#gallery-1 .gallery-caption {\n\t\t\t\tmargin-left: 0;\n\t\t\t}\n\t\t\t\/* see gallery_shortcode() in wp-includes\/media.php *\/\n\t\t<\/style>\n\t\t<div id='gallery-1' class='gallery galleryid-26554 gallery-columns-3 gallery-size-thumbnail'><dl class='gallery-item'>\n\t\t\t<dt class='gallery-icon landscape'>\n\t\t\t\t<a href='https:\/\/centroincar.cl\/wp-content\/uploads\/2022\/03\/reunion-udec-shoa3.jpeg' title='reunion udec shoa3'><img loading=\"lazy\" decoding=\"async\" width=\"350\" height=\"200\" src=\"https:\/\/centroincar.cl\/wp-content\/uploads\/2022\/03\/reunion-udec-shoa3-350x200.jpeg\" class=\"attachment-thumbnail size-thumbnail\" alt=\"\" \/><\/a>\n\t\t\t<\/dt><\/dl><dl class='gallery-item'>\n\t\t\t<dt class='gallery-icon landscape'>\n\t\t\t\t<a href='https:\/\/centroincar.cl\/wp-content\/uploads\/2022\/03\/reunion-udec-shoa5.jpeg' title='reunion udec shoa5'><img loading=\"lazy\" decoding=\"async\" width=\"350\" height=\"200\" src=\"https:\/\/centroincar.cl\/wp-content\/uploads\/2022\/03\/reunion-udec-shoa5-350x200.jpeg\" class=\"attachment-thumbnail size-thumbnail\" alt=\"\" \/><\/a>\n\t\t\t<\/dt><\/dl><dl class='gallery-item'>\n\t\t\t<dt class='gallery-icon landscape'>\n\t\t\t\t<a href='https:\/\/centroincar.cl\/wp-content\/uploads\/2022\/03\/reunion-udec-shoa11.jpeg' title='reunion udec shoa11'><img loading=\"lazy\" decoding=\"async\" width=\"350\" height=\"200\" src=\"https:\/\/centroincar.cl\/wp-content\/uploads\/2022\/03\/reunion-udec-shoa11-350x200.jpeg\" class=\"attachment-thumbnail size-thumbnail\" alt=\"\" \/><\/a>\n\t\t\t<\/dt><\/dl><br style=\"clear: both\" \/><dl class='gallery-item'>\n\t\t\t<dt class='gallery-icon landscape'>\n\t\t\t\t<a href='https:\/\/centroincar.cl\/wp-content\/uploads\/2022\/03\/reunion-udec-shoa7.jpeg' title='reunion udec shoa7'><img loading=\"lazy\" decoding=\"async\" width=\"350\" height=\"200\" src=\"https:\/\/centroincar.cl\/wp-content\/uploads\/2022\/03\/reunion-udec-shoa7-350x200.jpeg\" class=\"attachment-thumbnail size-thumbnail\" alt=\"\" \/><\/a>\n\t\t\t<\/dt><\/dl><dl class='gallery-item'>\n\t\t\t<dt class='gallery-icon landscape'>\n\t\t\t\t<a href='https:\/\/centroincar.cl\/wp-content\/uploads\/2022\/03\/reunion-udec-shoa13.jpeg' title='reunion udec shoa13'><img loading=\"lazy\" decoding=\"async\" width=\"350\" height=\"200\" src=\"https:\/\/centroincar.cl\/wp-content\/uploads\/2022\/03\/reunion-udec-shoa13-350x200.jpeg\" class=\"attachment-thumbnail size-thumbnail\" alt=\"\" \/><\/a>\n\t\t\t<\/dt><\/dl>\n\t\t\t<br style='clear: both' \/>\n\t\t<\/div>\n<\/div><!-- .photo-galleria -->\n<\/div>\n<p><\/p>","protected":false},"excerpt":{"rendered":"<p>Sorry, this entry is only available in Espa\u00f1ol. Con la participaci\u00f3n del Director del Centro Interdisciplinario para la Investigaci\u00f3n Acu\u00edcola (INCAR), Dr. Renato Qui\u00f1ones, se realiz\u00f3 una reuni\u00f3n convocada por el Departamento de Oceanograf\u00eda de la Universidad de Concepci\u00f3n y el Servicio Hidrogr\u00e1fico y Oceanogr\u00e1fico (SHOA) de la Armada de Chile. La reuni\u00f3n comenz\u00f3 con [&hellip;]<\/p>\n","protected":false},"author":3,"featured_media":26561,"comment_status":"open","ping_status":"open","sticky":false,"template":"","format":"standard","meta":{"_acf_changed":false,"footnotes":""},"categories":[2],"tags":[],"class_list":["post-26554","post","type-post","status-publish","format-standard","has-post-thumbnail","hentry","category-noticias"],"acf":[],"views":1917,"_links":{"self":[{"href":"https:\/\/centroincar.cl\/en\/wp-json\/wp\/v2\/posts\/26554","targetHints":{"allow":["GET"]}}],"collection":[{"href":"https:\/\/centroincar.cl\/en\/wp-json\/wp\/v2\/posts"}],"about":[{"href":"https:\/\/centroincar.cl\/en\/wp-json\/wp\/v2\/types\/post"}],"author":[{"embeddable":true,"href":"https:\/\/centroincar.cl\/en\/wp-json\/wp\/v2\/users\/3"}],"replies":[{"embeddable":true,"href":"https:\/\/centroincar.cl\/en\/wp-json\/wp\/v2\/comments?post=26554"}],"version-history":[{"count":0,"href":"https:\/\/centroincar.cl\/en\/wp-json\/wp\/v2\/posts\/26554\/revisions"}],"wp:featuredmedia":[{"embeddable":true,"href":"https:\/\/centroincar.cl\/en\/wp-json\/wp\/v2\/media\/26561"}],"wp:attachment":[{"href":"https:\/\/centroincar.cl\/en\/wp-json\/wp\/v2\/media?parent=26554"}],"wp:term":[{"taxonomy":"category","embeddable":true,"href":"https:\/\/centroincar.cl\/en\/wp-json\/wp\/v2\/categories?post=26554"},{"taxonomy":"post_tag","embeddable":true,"href":"https:\/\/centroincar.cl\/en\/wp-json\/wp\/v2\/tags?post=26554"}],"curies":[{"name":"wp","href":"https:\/\/api.w.org\/{rel}","templated":true}]}}