{"id":33646,"date":"2025-08-07T16:41:02","date_gmt":"2025-08-07T20:41:02","guid":{"rendered":"https:\/\/centroincar.cl\/?p=33646"},"modified":"2025-08-13T16:41:35","modified_gmt":"2025-08-13T20:41:35","slug":"investigacion-promocion-y-politica-de-comercio-internacional-activa-entre-las-claves-del-crecimiento-de-la-acuicultura-de-mejillon-en-chil","status":"publish","type":"post","link":"https:\/\/centroincar.cl\/en\/2025\/08\/07\/investigacion-promocion-y-politica-de-comercio-internacional-activa-entre-las-claves-del-crecimiento-de-la-acuicultura-de-mejillon-en-chil\/","title":{"rendered":"Investigaci\u00f3n, promoci\u00f3n y pol\u00edtica de comercio internacional activa, entre las claves del crecimiento de la acuicultura de mejill\u00f3n en Chil"},"content":{"rendered":"","protected":false},"excerpt":{"rendered":"","protected":false},"author":3,"featured_media":0,"comment_status":"open","ping_status":"open","sticky":false,"template":"","format":"standard","meta":{"_acf_changed":false,"footnotes":""},"categories":[30],"tags":[],"class_list":["post-33646","post","type-post","status-publish","format-standard","hentry","category-incar-en-los-medios"],"acf":[],"views":374,"_links":{"self":[{"href":"https:\/\/centroincar.cl\/en\/wp-json\/wp\/v2\/posts\/33646","targetHints":{"allow":["GET"]}}],"collection":[{"href":"https:\/\/centroincar.cl\/en\/wp-json\/wp\/v2\/posts"}],"about":[{"href":"https:\/\/centroincar.cl\/en\/wp-json\/wp\/v2\/types\/post"}],"author":[{"embeddable":true,"href":"https:\/\/centroincar.cl\/en\/wp-json\/wp\/v2\/users\/3"}],"replies":[{"embeddable":true,"href":"https:\/\/centroincar.cl\/en\/wp-json\/wp\/v2\/comments?post=33646"}],"version-history":[{"count":1,"href":"https:\/\/centroincar.cl\/en\/wp-json\/wp\/v2\/posts\/33646\/revisions"}],"predecessor-version":[{"id":33647,"href":"https:\/\/centroincar.cl\/en\/wp-json\/wp\/v2\/posts\/33646\/revisions\/33647"}],"wp:attachment":[{"href":"https:\/\/centroincar.cl\/en\/wp-json\/wp\/v2\/media?parent=33646"}],"wp:term":[{"taxonomy":"category","embeddable":true,"href":"https:\/\/centroincar.cl\/en\/wp-json\/wp\/v2\/categories?post=33646"},{"taxonomy":"post_tag","embeddable":true,"href":"https:\/\/centroincar.cl\/en\/wp-json\/wp\/v2\/tags?post=33646"}],"curies":[{"name":"wp","href":"https:\/\/api.w.org\/{rel}","templated":true}]}}