{"id":33728,"date":"2025-09-01T10:14:47","date_gmt":"2025-09-01T14:14:47","guid":{"rendered":"https:\/\/centroincar.cl\/?p=33728"},"modified":"2025-09-22T09:44:29","modified_gmt":"2025-09-22T13:44:29","slug":"investigadora-de-incar-clasifica-a-la-final-nacional-de-solo-de-ciencia-chile","status":"publish","type":"post","link":"https:\/\/centroincar.cl\/en\/2025\/09\/01\/investigadora-de-incar-clasifica-a-la-final-nacional-de-solo-de-ciencia-chile\/","title":{"rendered":"INCAR Researcher Advances to National Final of Solo de Ciencia Chile"},"content":{"rendered":"<p><!--StartFragment --><\/p>\n<p>This Thursday, September 4, the national final of Solo de Ciencia Chile will take place at the University of Concepci\u00f3n (UdeC). This scientific monologue competition promotes science communication in Spanish and serves as the official platform to select Chile\u2019s representative for the Ibero-American Solo de Ciencia contest, organized by Spain\u2019s Ministry of Science and Innovation and the Spanish Foundation for Science and Technology (FECYT), to be held in Quito, Ecuador.<\/p>\n<p>Among the ten finalists competing for the chance to represent Chile internationally is Dr. Zeneida Wong, Associate Researcher in the \u201cEnvironmental Sustainability\u201d line at the Interdisciplinary Center for Aquaculture Research (INCAR), who will present an oceanographic topic.<\/p>\n<p>\u201cThe theme I\u2019ll present at Solo de Ciencia Chile stems from the scientific articles I developed during my PhD in oceanography at UdeC. It explores the fascinating process of upwelling shadows\u2014small warm pools that emerge within cold marine systems dominated by coastal upwelling, becoming true marine refuges with unique conditions for the development of larvae, plankton, and fish,\u201d explained Dr. Wong.<\/p>\n<p>She shared that her motivation to participate in the contest was \u201cthe opportunity to transform science into a different kind of experience. I had heard about scientific monologues in other countries and was intrigued by the idea of presenting a complex topic like oceanography in just three minutes. But what attracted me most was discovering that it\u2019s not just about giving a talk\u2014it\u2019s about inviting the audience into a story. Seeing my research as entertaining stories to tell has given me a new perspective: science doesn\u2019t have to stay confined to hard-to-read articles\u2014it can also move, surprise, and connect with everyone.\u201d<\/p>\n<p>The final will be held on Thursday, September 4 at 6:00 PM in the Auditorium of the Faculty of Humanities and Arts at the University of Concepci\u00f3n. It will be hosted by actor H\u00e9ctor Morales and judged by Macarenas Rojas-\u00c1balos, biologist, science communicator, and president of ACHIPEC; Gladys Hayashida, PhD in Biotechnology and Aquaculture and Director of CTYS Antofagasta; Hugo G\u00e1rces, PhD in Engineering Sciences and Director of the PhD in Artificial Intelligence at UdeC; and Rodrigo Pincheira, Professor of History and Geography, journalist, and Master in Humanities and Arts.<\/p>\n<p>Solo de Ciencia Chile is organized by the community El Viaje and the production company El Viento Estudio. It is institutionally supported by the University of Concepci\u00f3n, the Catholic University of the Most Holy Conception, the University of B\u00edo-B\u00edo, and the Federico Santa Mar\u00eda Technical University. Media partners include Diario La Discusi\u00f3n, Radio UdeC, TVU, and Diario Concepci\u00f3n, with additional collaboration from the INCAR Center, Sense Contents, and the PhD in Artificial Intelligence.<\/p>\n<p>For more information, visit the official website of <a href=\"https:\/\/solodecienciachile.cl\/\" target=\"_blank\" rel=\"noopener\">Solo de Ciencia Chile<\/a>.<\/p>\n<div class='photo-galleria' >\n\t\t<style>\n\t\t\t#gallery-2 {\n\t\t\t\tmargin: auto;\n\t\t\t}\n\t\t\t#gallery-2 .gallery-item {\n\t\t\t\tfloat: left;\n\t\t\t\tmargin-top: 10px;\n\t\t\t\ttext-align: center;\n\t\t\t\twidth: 33%;\n\t\t\t}\n\t\t\t#gallery-2 img {\n\t\t\t\tborder: 2px solid #cfcfcf;\n\t\t\t}\n\t\t\t#gallery-2 .gallery-caption {\n\t\t\t\tmargin-left: 0;\n\t\t\t}\n\t\t\t\/* see gallery_shortcode() in wp-includes\/media.php *\/\n\t\t<\/style>\n\t\t<div id='gallery-2' class='gallery galleryid-33728 gallery-columns-3 gallery-size-thumbnail'><dl class='gallery-item'>\n\t\t\t<dt class='gallery-icon landscape'>\n\t\t\t\t<a href='https:\/\/centroincar.cl\/wp-content\/uploads\/2025\/09\/Solo-de-Ciencia-Chile-2025-extiende-su-periodo-de-postulacion-1080x675-1.png' title='Solo-de-Ciencia-Chile-2025-extiende-su-peri\u0301odo-de-postulacio\u0301n-1080x675'><img loading=\"lazy\" decoding=\"async\" width=\"350\" height=\"200\" src=\"https:\/\/centroincar.cl\/wp-content\/uploads\/2025\/09\/Solo-de-Ciencia-Chile-2025-extiende-su-periodo-de-postulacion-1080x675-1-350x200.png\" class=\"attachment-thumbnail size-thumbnail\" alt=\"\" \/><\/a>\n\t\t\t<\/dt>\n\t\t\t\t<dd class='wp-caption-text gallery-caption' id='gallery-2-33730'>\n\t\t\t\tLa final se llevar\u00e1 a cabo este jueves 04 de septiembre, a las 18:00 horas, en el Auditorio Universidad de Concepci\u00f3n, de la Facultad de Humanidades y Artes.\n\t\t\t\t<\/dd><\/dl><dl class='gallery-item'>\n\t\t\t<dt class='gallery-icon portrait'>\n\t\t\t\t<a href='https:\/\/centroincar.cl\/wp-content\/uploads\/2025\/09\/IMG_20230929_113149.jpg' title='IMG_20230929_113149'><img loading=\"lazy\" decoding=\"async\" width=\"350\" height=\"200\" src=\"https:\/\/centroincar.cl\/wp-content\/uploads\/2025\/09\/IMG_20230929_113149-350x200.jpg\" class=\"attachment-thumbnail size-thumbnail\" alt=\"\" \/><\/a>\n\t\t\t<\/dt>\n\t\t\t\t<dd class='wp-caption-text gallery-caption' id='gallery-2-33729'>\n\t\t\t\tDra. Zeneida Wong abordar\u00e1 la surgencia en el torneo de mon\u00f3logos cient\u00edficos.\n\t\t\t\t<\/dd><\/dl>\n\t\t\t<br style='clear: both' \/>\n\t\t<\/div>\n<\/div><!-- .photo-galleria -->\n<p><!--EndFragment --><\/p>","protected":false},"excerpt":{"rendered":"<p>This Thursday, September 4, the national final of Solo de Ciencia Chile will take place at the University of Concepci\u00f3n (UdeC). This scientific monologue competition promotes science communication in Spanish and serves as the official platform to select Chile\u2019s representative for the Ibero-American Solo de Ciencia contest, organized by Spain\u2019s Ministry of Science and Innovation [&hellip;]<\/p>\n","protected":false},"author":3,"featured_media":33730,"comment_status":"open","ping_status":"open","sticky":false,"template":"","format":"standard","meta":{"_acf_changed":false,"footnotes":""},"categories":[2],"tags":[],"class_list":["post-33728","post","type-post","status-publish","format-standard","has-post-thumbnail","hentry","category-noticias"],"acf":[],"views":428,"_links":{"self":[{"href":"https:\/\/centroincar.cl\/en\/wp-json\/wp\/v2\/posts\/33728","targetHints":{"allow":["GET"]}}],"collection":[{"href":"https:\/\/centroincar.cl\/en\/wp-json\/wp\/v2\/posts"}],"about":[{"href":"https:\/\/centroincar.cl\/en\/wp-json\/wp\/v2\/types\/post"}],"author":[{"embeddable":true,"href":"https:\/\/centroincar.cl\/en\/wp-json\/wp\/v2\/users\/3"}],"replies":[{"embeddable":true,"href":"https:\/\/centroincar.cl\/en\/wp-json\/wp\/v2\/comments?post=33728"}],"version-history":[{"count":1,"href":"https:\/\/centroincar.cl\/en\/wp-json\/wp\/v2\/posts\/33728\/revisions"}],"predecessor-version":[{"id":33794,"href":"https:\/\/centroincar.cl\/en\/wp-json\/wp\/v2\/posts\/33728\/revisions\/33794"}],"wp:featuredmedia":[{"embeddable":true,"href":"https:\/\/centroincar.cl\/en\/wp-json\/wp\/v2\/media\/33730"}],"wp:attachment":[{"href":"https:\/\/centroincar.cl\/en\/wp-json\/wp\/v2\/media?parent=33728"}],"wp:term":[{"taxonomy":"category","embeddable":true,"href":"https:\/\/centroincar.cl\/en\/wp-json\/wp\/v2\/categories?post=33728"},{"taxonomy":"post_tag","embeddable":true,"href":"https:\/\/centroincar.cl\/en\/wp-json\/wp\/v2\/tags?post=33728"}],"curies":[{"name":"wp","href":"https:\/\/api.w.org\/{rel}","templated":true}]}}