{"id":34589,"date":"2025-11-26T08:54:46","date_gmt":"2025-11-26T12:54:46","guid":{"rendered":"https:\/\/centroincar.cl\/?p=34589"},"modified":"2026-01-09T08:55:29","modified_gmt":"2026-01-09T12:55:29","slug":"fortalecen-gestion-ambiental-con-investigacion-pionera-sobre-la-hidrodinamica-en-el-fiordo-comau","status":"publish","type":"post","link":"https:\/\/centroincar.cl\/en\/2025\/11\/26\/fortalecen-gestion-ambiental-con-investigacion-pionera-sobre-la-hidrodinamica-en-el-fiordo-comau\/","title":{"rendered":"Fortalecen gesti\u00f3n ambiental con investigaci\u00f3n pionera sobre la hidrodin\u00e1mica en el Fiordo Comau"},"content":{"rendered":"","protected":false},"excerpt":{"rendered":"","protected":false},"author":3,"featured_media":0,"comment_status":"open","ping_status":"open","sticky":false,"template":"","format":"standard","meta":{"_acf_changed":false,"footnotes":""},"categories":[30],"tags":[],"class_list":["post-34589","post","type-post","status-publish","format-standard","hentry","category-incar-en-los-medios"],"acf":[],"views":319,"_links":{"self":[{"href":"https:\/\/centroincar.cl\/en\/wp-json\/wp\/v2\/posts\/34589","targetHints":{"allow":["GET"]}}],"collection":[{"href":"https:\/\/centroincar.cl\/en\/wp-json\/wp\/v2\/posts"}],"about":[{"href":"https:\/\/centroincar.cl\/en\/wp-json\/wp\/v2\/types\/post"}],"author":[{"embeddable":true,"href":"https:\/\/centroincar.cl\/en\/wp-json\/wp\/v2\/users\/3"}],"replies":[{"embeddable":true,"href":"https:\/\/centroincar.cl\/en\/wp-json\/wp\/v2\/comments?post=34589"}],"version-history":[{"count":1,"href":"https:\/\/centroincar.cl\/en\/wp-json\/wp\/v2\/posts\/34589\/revisions"}],"predecessor-version":[{"id":34590,"href":"https:\/\/centroincar.cl\/en\/wp-json\/wp\/v2\/posts\/34589\/revisions\/34590"}],"wp:attachment":[{"href":"https:\/\/centroincar.cl\/en\/wp-json\/wp\/v2\/media?parent=34589"}],"wp:term":[{"taxonomy":"category","embeddable":true,"href":"https:\/\/centroincar.cl\/en\/wp-json\/wp\/v2\/categories?post=34589"},{"taxonomy":"post_tag","embeddable":true,"href":"https:\/\/centroincar.cl\/en\/wp-json\/wp\/v2\/tags?post=34589"}],"curies":[{"name":"wp","href":"https:\/\/api.w.org\/{rel}","templated":true}]}}