{"id":35496,"date":"2026-07-24T15:10:38","date_gmt":"2026-07-24T19:10:38","guid":{"rendered":"https:\/\/centroincar.cl\/?p=35496"},"modified":"2026-07-24T15:10:38","modified_gmt":"2026-07-24T19:10:38","slug":"dialogos-acuicolas-una-mirada-a-la-investigacion-de-vanguardia-sobre-la-piscirickettsiosis-en-la-salmonicultura","status":"publish","type":"post","link":"https:\/\/centroincar.cl\/en\/2026\/07\/24\/dialogos-acuicolas-una-mirada-a-la-investigacion-de-vanguardia-sobre-la-piscirickettsiosis-en-la-salmonicultura\/","title":{"rendered":"\u201cDi\u00e1logos Acu\u00edcolas\u201d: una mirada a la investigaci\u00f3n de vanguardia sobre la Piscirickettsiosis en la salmonicultura"},"content":{"rendered":"<p class=\"qtranxs-available-languages-message qtranxs-available-languages-message-en\">Sorry, this entry is only available in <a href=\"https:\/\/centroincar.cl\/es\/wp-json\/wp\/v2\/posts\/35496\" class=\"qtranxs-available-language-link qtranxs-available-language-link-es\" title=\"Espa\u00f1ol\">Espa\u00f1ol<\/a>.<\/p><p>Con el estreno de su octavo episodio, la serie podcast &#8220;Di\u00e1logos Acu\u00edcolas&#8221; del Centro Interdisciplinario para la Investigaci\u00f3n Acu\u00edcola &#8211; Investigaci\u00f3n Aplicada, CIA- INCAR\u00b2, consolida un recorrido profundo por la investigaci\u00f3n de vanguardia sobre la Piscirickettsiosis (SRS), abordando desde los or\u00edgenes del pat\u00f3geno hasta los mecanismos moleculares de su persistencia en el mar.<\/p>\n<p><strong>Un recorrido por la ciencia del SRS: Siete hitos fundamentales<\/strong><\/p>\n<p>Hasta la fecha, &#8220;Di\u00e1logos Acu\u00edcolas&#8221; ha explorado dimensiones cr\u00edticas de <em>Piscirickettsia salmonis<\/em>, permitiendo a la audiencia t\u00e9cnica comprender la complejidad de un &#8220;blanco m\u00f3vil&#8221; que le cuesta a la industria chilena cientos de millones de d\u00f3lares anualmente:<\/p>\n<p><u><a href=\"https:\/\/open.spotify.com\/episode\/14Yo3X3sLvOdH2V6EAw1wd?si=75b8e1a689ba4af6\" target=\"_blank\" rel=\"noopener\">La Verdadera Identidad<\/a>:<\/u> El inicio de la serie aclar\u00f3 el error hist\u00f3rico de diagn\u00f3stico de 1989, confirmando que el agente no es una rickettsia verdadera, sino una Gamma-proteobacteria facultativa.<\/p>\n<p><u><a href=\"https:\/\/open.spotify.com\/episode\/5OQHLEBkmac6H6jnwLAje5?si=48debbedc5c941b2\" target=\"_blank\" rel=\"noopener\">Precisi\u00f3n Diagn\u00f3stica<\/a>:<\/u> Analizamos el hito que signific\u00f3 el medio AUSTRAL-SRS, permitiendo por primera vez obtener biomasa pura y estandarizar protocolos de Concentraci\u00f3n Inhibitoria M\u00ednima (MIC).<\/p>\n<p><u><a href=\"https:\/\/open.spotify.com\/episode\/7E7z79hHc8NGDm03QaDwWM?si=0fa0326b04a44787\" target=\"_blank\" rel=\"noopener\">Evoluci\u00f3n H\u00edbrida<\/a>:<\/u> A trav\u00e9s de la t\u00e9cnica MLST, descubrimos la aparici\u00f3n de nuevos genogrupos h\u00edbridos que desaf\u00edan las clasificaciones tradicionales entre los linajes ancestrales LF-89 y EM-90.<\/p>\n<p><u><a href=\"https:\/\/open.spotify.com\/episode\/7DMbcDdxuuhVAtFC1vE1wM?si=ff9b743bb7a54a7f\" target=\"_blank\" rel=\"noopener\">La Ciencia de la Atenuaci\u00f3n<\/a>:<\/u> Exploramos el experimento de los 200 pasajes en laboratorio, donde la bacteria &#8220;se desarma&#8221; gen\u00e9ticamente al traslocar sistemas cr\u00edticos como el Dot\/Icm, sentando las bases para vacunas vivas atenuadas.<\/p>\n<p><u><a href=\"https:\/\/open.spotify.com\/episode\/6FojvrI5jnbN2nlkOmpPQP?si=90a4888cf84c4444\" target=\"_blank\" rel=\"noopener\">Arquitectura del Pan-genoma<\/a>:<\/u> Desglosamos la plasticidad de la bacteria, revelando un pan-genoma &#8220;abierto&#8221; donde el 50% de sus genes son accesorios, otorg\u00e1ndole una adaptabilidad asombrosa.<\/p>\n<p><u><a href=\"https:\/\/open.spotify.com\/episode\/63G9gWLOa5idP6gDRVVwUz?si=7b882b14982c4136\" target=\"_blank\" rel=\"noopener\">El ADN en Movimiento<\/a>:<\/u> Profundizamos en el rol de las transposasas (genes saltarines), responsables de una especiaci\u00f3n activa y continua en los centros de cultivo.<\/p>\n<p><u><a href=\"https:\/\/open.spotify.com\/episode\/4Uhk4zbCnW7uKArXHWvfd7?si=072e36140b5e448a\" target=\"_blank\" rel=\"noopener\">Reservorios Ambientales<\/a>:<\/u> Analizamos c\u00f3mo la bacteria sobrevive en superficies pl\u00e1sticas del centro de cultivo mediante biofilms, resistiendo incluso la barrera natural del mucus cut\u00e1neo del salm\u00f3n.<\/p>\n<p><strong>Estreno Episodio 8: Virulencia Diferencial y el Desaf\u00edo al Sistema Inmune<\/strong><\/p>\n<p>En esta nueva entrega, nos adentramos en uno de los hallazgos m\u00e1s disruptivos de la investigaci\u00f3n reciente: el estado f\u00edsico de la bacteria determina su agresividad. Basado en el estudio de Santib\u00e1\u00f1ez et al. (2020), este episodio revela que no existe un patr\u00f3n \u00fanico de virulencia.<\/p>\n<p>La audiencia descubrir\u00e1 por qu\u00e9 la cepa tipo LF-89 se vuelve significativamente m\u00e1s virulenta (~60% de lisis celular) cuando forma biofilms en comparaci\u00f3n con su estado libre. Asimismo, analizamos c\u00f3mo estas estructuras multicelulares logran manipular la respuesta inmunol\u00f3gica del hospedero, alterando la expresi\u00f3n de genes pro-inflamatorios clave.<\/p>\n<p>Este cap\u00edtulo es esencial para acad\u00e9micos y profesionales que buscan entender por qu\u00e9 las estrategias de control tradicionales a veces fallan y c\u00f3mo el biofilm debe ser considerado un factor de virulencia cr\u00edtico en la patogenia de la SRS.<\/p>\n<p>Desde el INCAR\u00b2 resaltan que esta primera entrega de ocho episodios de &#8220;Di\u00e1logos Acu\u00edcolas&#8221; aborda desaf\u00edos cr\u00edticos para el sector, como es el S\u00edndrome Rickettsial del Salm\u00f3n (SRS), una de las mayores amenazas sanitarias de la salmonicultura nacional.<\/p>\n<p>Esta acci\u00f3n de comunicaci\u00f3n p\u00fablica de la ciencia se enmarca en la antesala de la Conferencia Internacional SRS 2026, cumbre cient\u00edfica organizada por el centro que se realizar\u00e1 del 9 al 11 de noviembre en Puerto Varas. El congreso constituir\u00e1 el primer espacio internacional enfocado de manera exclusiva en la piscirickettsiosis, convocando a expertos globales, profesionales e integrantes de la industria para intercambiar conocimientos, consolidar alianzas estrat\u00e9gicas y proponer soluciones innovadoras.<\/p>\n<p>\u00bfD\u00f3nde escuchar? La serie completa de \u201cDi\u00e1logos Acu\u00edcolas\u201d ya est\u00e1 disponible en <a href=\"https:\/\/open.spotify.com\/show\/5AacSUZfvzxDXYp6lZsGRU?si=d3d90b82b4ac4293\" target=\"_blank\" rel=\"noopener\">Spotify\u00a0<\/a><\/p>\n<p>Suscr\u00edbete y participa en este intercambio de conocimiento que busca mejorar la sostenibilidad y sanidad de la acuicultura chilena.<\/p>\n<p><a href=\"https:\/\/open.spotify.com\/episode\/2KHrTx7XzJuWBYvgrh2qZl?si=38e53420dc8a4074\" target=\"_blank\" rel=\"noopener\">Escucha aqu\u00ed el Episodio 8, &#8220;Biofilms: Virulencia Diferencial y el Desaf\u00edo al Sistema Inmune&#8221;.<\/a><\/p>\n<p><div class='photo-galleria' >\n\t\t<style>\n\t\t\t#gallery-1 {\n\t\t\t\tmargin: auto;\n\t\t\t}\n\t\t\t#gallery-1 .gallery-item {\n\t\t\t\tfloat: left;\n\t\t\t\tmargin-top: 10px;\n\t\t\t\ttext-align: center;\n\t\t\t\twidth: 33%;\n\t\t\t}\n\t\t\t#gallery-1 img {\n\t\t\t\tborder: 2px solid #cfcfcf;\n\t\t\t}\n\t\t\t#gallery-1 .gallery-caption {\n\t\t\t\tmargin-left: 0;\n\t\t\t}\n\t\t\t\/* see gallery_shortcode() in wp-includes\/media.php *\/\n\t\t<\/style>\n\t\t<div id='gallery-1' class='gallery galleryid-35496 gallery-columns-3 gallery-size-thumbnail'><dl class='gallery-item'>\n\t\t\t<dt class='gallery-icon portrait'>\n\t\t\t\t<a href='https:\/\/centroincar.cl\/wp-content\/uploads\/2026\/07\/podcast-8.png' title='podcast 8'><img loading=\"lazy\" decoding=\"async\" width=\"350\" height=\"200\" src=\"https:\/\/centroincar.cl\/wp-content\/uploads\/2026\/07\/podcast-8-350x200.png\" class=\"attachment-thumbnail size-thumbnail\" alt=\"\" \/><\/a>\n\t\t\t<\/dt>\n\t\t\t\t<dd class='wp-caption-text gallery-caption' id='gallery-1-35497'>\n\t\t\t\tLa serie podcast &#8220;Di\u00e1logos Acu\u00edcolas&#8221; del Centro INCAR\u00b2, consolida un recorrido profundo por la investigaci\u00f3n de vanguardia sobre la Piscirickettsiosis (SRS), desde los or\u00edgenes del pat\u00f3geno hasta los mecanismos moleculares de su persistencia en el mar.\n\t\t\t\t<\/dd><\/dl>\n\t\t\t<br style='clear: both' \/>\n\t\t<\/div>\n<\/div><!-- .photo-galleria --><\/p>","protected":false},"excerpt":{"rendered":"<p>Sorry, this entry is only available in Espa\u00f1ol.Con el estreno de su octavo episodio, la serie podcast &#8220;Di\u00e1logos Acu\u00edcolas&#8221; del Centro Interdisciplinario para la Investigaci\u00f3n Acu\u00edcola &#8211; Investigaci\u00f3n Aplicada, CIA- INCAR\u00b2, consolida un recorrido profundo por la investigaci\u00f3n de vanguardia sobre la Piscirickettsiosis (SRS), abordando desde los or\u00edgenes del pat\u00f3geno hasta los mecanismos moleculares de [&hellip;]<\/p>\n","protected":false},"author":3,"featured_media":35497,"comment_status":"open","ping_status":"open","sticky":false,"template":"","format":"standard","meta":{"_acf_changed":false,"footnotes":""},"categories":[1],"tags":[],"class_list":["post-35496","post","type-post","status-publish","format-standard","has-post-thumbnail","hentry","category-uncategorized"],"acf":[],"views":233,"_links":{"self":[{"href":"https:\/\/centroincar.cl\/en\/wp-json\/wp\/v2\/posts\/35496","targetHints":{"allow":["GET"]}}],"collection":[{"href":"https:\/\/centroincar.cl\/en\/wp-json\/wp\/v2\/posts"}],"about":[{"href":"https:\/\/centroincar.cl\/en\/wp-json\/wp\/v2\/types\/post"}],"author":[{"embeddable":true,"href":"https:\/\/centroincar.cl\/en\/wp-json\/wp\/v2\/users\/3"}],"replies":[{"embeddable":true,"href":"https:\/\/centroincar.cl\/en\/wp-json\/wp\/v2\/comments?post=35496"}],"version-history":[{"count":0,"href":"https:\/\/centroincar.cl\/en\/wp-json\/wp\/v2\/posts\/35496\/revisions"}],"wp:featuredmedia":[{"embeddable":true,"href":"https:\/\/centroincar.cl\/en\/wp-json\/wp\/v2\/media\/35497"}],"wp:attachment":[{"href":"https:\/\/centroincar.cl\/en\/wp-json\/wp\/v2\/media?parent=35496"}],"wp:term":[{"taxonomy":"category","embeddable":true,"href":"https:\/\/centroincar.cl\/en\/wp-json\/wp\/v2\/categories?post=35496"},{"taxonomy":"post_tag","embeddable":true,"href":"https:\/\/centroincar.cl\/en\/wp-json\/wp\/v2\/tags?post=35496"}],"curies":[{"name":"wp","href":"https:\/\/api.w.org\/{rel}","templated":true}]}}